{"id":1,"name":"Johanna Colas","url":"https:\/\/fondationnext.com","description":"Johanna Colas est titulaire d\u2019un master LEA Affaires et Commerce de l\u2019Universit\u00e9 de Montpellier. Elle a compl\u00e9t\u00e9 sa formation par une sp\u00e9cialisation Public relations &amp; Media de la University of Colorado Boulder. Elle d\u00e9buta sa carri\u00e8re en tant que Responsable Communication au sein d\u2019une holding financi\u00e8re puis pris la direction Communication d\u2019une agence audiovisuelle.\r\nElle rejoint la fondation en f\u00e9vrier 2023 en tant que Secr\u00e9taire et Responsable de la communication.","link":"https:\/\/www.fondationnext.com\/en\/author\/johanna\/","slug":"johanna","avatar_urls":{"24":"https:\/\/secure.gravatar.com\/avatar\/83c58f1d87124b728f74fcc1817555a1bfa1199b60162c852dac58647a2297c5?s=24&d=mm&r=g","48":"https:\/\/secure.gravatar.com\/avatar\/83c58f1d87124b728f74fcc1817555a1bfa1199b60162c852dac58647a2297c5?s=48&d=mm&r=g","96":"https:\/\/secure.gravatar.com\/avatar\/83c58f1d87124b728f74fcc1817555a1bfa1199b60162c852dac58647a2297c5?s=96&d=mm&r=g"},"meta":[],"elementor_introduction":{"exit_to":true,"ai-get-started-announcement":true,"favorites-notice":true,"globals_introduction":true,"e-apps":true,"aioseo-introduction":true,"e-editor-one-notice-pointer":true},"penci_avatar":{"media_id":4172,"full":"https:\/\/www.fondationnext.com\/wp-content\/uploads\/2024\/05\/cropped-Johanna_Colas-Apres-Demain_20240640-2-e1714633190733.jpeg","blog_id":1,"192":"https:\/\/www.fondationnext.com\/wp-content\/uploads\/2024\/05\/cropped-Johanna_Colas-Apres-Demain_20240640-2-e1714633190733-192x192.jpeg","96":"https:\/\/www.fondationnext.com\/wp-content\/uploads\/2024\/05\/cropped-Johanna_Colas-Apres-Demain_20240640-2-e1714633190733-96x96.jpeg","128":"https:\/\/www.fondationnext.com\/wp-content\/uploads\/2024\/05\/cropped-Johanna_Colas-Apres-Demain_20240640-2-e1714633190733-128x128.jpeg","64":"https:\/\/www.fondationnext.com\/wp-content\/uploads\/2024\/05\/cropped-Johanna_Colas-Apres-Demain_20240640-2-e1714633190733-64x64.jpeg","52":"https:\/\/www.fondationnext.com\/wp-content\/uploads\/2024\/05\/cropped-Johanna_Colas-Apres-Demain_20240640-2-e1714633190733-52x52.jpeg","26":"https:\/\/www.fondationnext.com\/wp-content\/uploads\/2024\/05\/cropped-Johanna_Colas-Apres-Demain_20240640-2-e1714633190733-26x26.jpeg","200":"https:\/\/www.fondationnext.com\/wp-content\/uploads\/2024\/05\/cropped-Johanna_Colas-Apres-Demain_20240640-2-e1714633190733-200x200.jpeg","100":"https:\/\/www.fondationnext.com\/wp-content\/uploads\/2024\/05\/cropped-Johanna_Colas-Apres-Demain_20240640-2-e1714633190733-100x100.jpeg","44":"https:\/\/www.fondationnext.com\/wp-content\/uploads\/2024\/05\/cropped-Johanna_Colas-Apres-Demain_20240640-2-e1714633190733-44x44.jpeg","22":"https:\/\/www.fondationnext.com\/wp-content\/uploads\/2024\/05\/cropped-Johanna_Colas-Apres-Demain_20240640-2-e1714633190733-22x22.jpeg","32":"https:\/\/www.fondationnext.com\/wp-content\/uploads\/2024\/05\/cropped-Johanna_Colas-Apres-Demain_20240640-2-e1714633190733-32x32.jpeg","140":"https:\/\/www.fondationnext.com\/wp-content\/uploads\/2024\/05\/cropped-Johanna_Colas-Apres-Demain_20240640-2-e1714633190733-140x140.jpeg","70":"https:\/\/www.fondationnext.com\/wp-content\/uploads\/2024\/05\/cropped-Johanna_Colas-Apres-Demain_20240640-2-e1714633190733-70x70.jpeg","48":"https:\/\/www.fondationnext.com\/wp-content\/uploads\/2024\/05\/cropped-Johanna_Colas-Apres-Demain_20240640-2-e1714633190733-48x48.jpeg","512":"https:\/\/www.fondationnext.com\/wp-content\/uploads\/2024\/05\/cropped-Johanna_Colas-Apres-Demain_20240640-2-e1714633190733-512x512.jpeg"},"_links":{"self":[{"href":"https:\/\/www.fondationnext.com\/en\/wp-json\/wp\/v2\/users\/1","targetHints":{"allow":["GET"]}}],"collection":[{"href":"https:\/\/www.fondationnext.com\/en\/wp-json\/wp\/v2\/users"}]}}